{"id":88665,"date":"2024-05-01T15:52:40","date_gmt":"2024-05-01T19:52:40","guid":{"rendered":"https:\/\/ui-hybrid.local\/the-future-of-the-eu-israel-and-arab-relations\/"},"modified":"2024-05-01T15:52:40","modified_gmt":"2024-05-01T19:52:40","slug":"the-future-of-the-eu-israel-and-arab-relations","status":"publish","type":"post","link":"https:\/\/upstateinternational.org\/es\/the-future-of-the-eu-israel-and-arab-relations\/","title":{"rendered":"El futuro de la UE, Israel y las relaciones \u00e1rabes"},"content":{"rendered":"<p class=\"has-text-align-center\"><strong>Serie M\u00e1s all\u00e1 del titular<\/strong> <strong>Evento<\/strong><\/p>\n\n\n\n<p>[Greenville, SC] \u2013 24 de abril de 2024 \u2013 Upstate International se complace en anunciar que el Dr. Buket Oztas ser\u00e1 el orador distinguido en el pr\u00f3ximo <em>M\u00e1s all\u00e1 de los titulares Orador<\/em> <em>Serie<\/em> evento el 8 de mayo de 2024, en el Kroc Center en el centro de Greenville.\u00a0<\/p>\n\n\n\n<p>Este debate ofrecer\u00e1 una visi\u00f3n general de los objetivos estrat\u00e9gicos, los intereses econ\u00f3micos y los compromisos humanitarios de la Uni\u00f3n Europea en Oriente Medio, en particular a la luz del conflicto de Gaza. Comparar\u00e1 estos objetivos con las pol\u00edticas e intereses consolidados de Estados Unidos, destacando tanto los puntos de convergencia como los de divergencia. A medida que la UE y EE. UU. se mueven por el complejo panorama de Oriente Medio, enfrent\u00e1ndose a actores regionales contundentes como Ir\u00e1n, Arabia Saud\u00ed y Turqu\u00eda, deben encontrar un camino que equilibre la defensa de los principios morales con la obtenci\u00f3n de beneficios geopol\u00edticos. Esta charla pretende plantear preguntas sobre estos temas y ofrecer perspectivas sobre c\u00f3mo estas dos potencias globales participan en los esfuerzos de paz, gestionan la dependencia energ\u00e9tica y ejecutan estrategias antiterroristas en medio de los conflictos actuales en la regi\u00f3n.<\/p>\n\n\n\n<p>La Dra. Buket Oztas es profesora adjunta de Pol\u00edtica y Asuntos Internacionales en la Universidad Furman. Su investigaci\u00f3n se centra en la din\u00e1mica institucional cambiante en pa\u00edses predominantemente musulmanes, con especial inter\u00e9s en el postislamismo y las identidades transnacionales, e incluye una iniciativa de investigaci\u00f3n en curso sobre las competencias de la Comisi\u00f3n Europea para definir la agenda pol\u00edtica.<\/p>\n\n\n\n<p class=\"has-text-align-center\">M\u00e1s sobre <em>M\u00e1s all\u00e1 de los titulares<\/em><\/p>\n\n\n\n<p><em>M\u00e1s all\u00e1 de los titulares: cuestiones cr\u00edticas que afectan a nuestro mundo<\/em>\u00a0Es una serie de conferencias en formato &quot;Almuerzo y Aprendizaje&quot; dise\u00f1ada para brindar informaci\u00f3n basada en hechos sobre los problemas globales m\u00e1s urgentes de la actualidad a los residentes del norte del estado. Con la participaci\u00f3n de acad\u00e9micos y l\u00edderes de opini\u00f3n de instituciones de investigaci\u00f3n, nos esforzamos por evitar el partidismo en la presentaci\u00f3n y permitir que los participantes formulen sus propias preguntas y opiniones.\u00a0<\/p>\n\n\n\n<p class=\"has-text-align-center\">Para obtener m\u00e1s informaci\u00f3n e inscribirse en el evento, <a href=\"https:\/\/lp.constantcontactpages.com\/ev\/reg\/gchxp7h\/lp\/7208b66b-645e-4a6b-9c51-89df2db20e3f\">haga clic aqu\u00ed<\/a><\/p>\n\n\n\n<p class=\"has-text-align-center\">###\u00a0<\/p>\n\n\n\n<p>Acerca de Upstate International y su Consejo de Asuntos Mundiales Upstate:<\/p>\n\n\n\n<p>Fundada en 1998, Upstate International es una organizaci\u00f3n 501(c)(3) que impulsa el desarrollo de personas y empresas de todo el mundo en Upstate, conect\u00e1ndolas a trav\u00e9s de programas, eventos e iniciativas que fomentan el intercambio din\u00e1mico de culturas e ideas internacionales. El Consejo de Asuntos Mundiales de Upstate, un programa de Upstate International, se dedica a fomentar una profunda comprensi\u00f3n de los asuntos y culturas globales.<\/p>\n\n\n\n<p>www.upstateinternational.org<\/p>\n\n\n\n<p>CONTACTO CON LOS MEDIOS: Tracie Frese, Directora Ejecutiva, tracie@upstateinternational.org<\/p>\n\n\n\n<p>864-631-2188\u00a0<\/p>\n\n\n\n<p>S\u00edganos: <a href=\"https:\/\/www.linkedin.com\/in\/upstateintsc\/\">LinkedIn<\/a> \u00a0 \u00a0 <a href=\"https:\/\/www.instagram.com\/upstateint_sc\/\">Instagram<\/a> \u00a0 \u00a0 <a href=\"https:\/\/twitter.com\/upstateint_sc\">Gorjeo<\/a><\/p>","protected":false},"excerpt":{"rendered":"","protected":false},"author":1,"featured_media":71636,"comment_status":"closed","ping_status":"closed","sticky":false,"template":"","format":"standard","meta":{"_acf_changed":false,"_mo_disable_npp":"","wds_primary_category":0,"footnotes":""},"categories":[41],"tags":[],"class_list":["post-88665","post","type-post","status-publish","format-standard","has-post-thumbnail","hentry","category-news"],"acf":[],"_links":{"self":[{"href":"https:\/\/upstateinternational.org\/es\/wp-json\/wp\/v2\/posts\/88665","targetHints":{"allow":["GET"]}}],"collection":[{"href":"https:\/\/upstateinternational.org\/es\/wp-json\/wp\/v2\/posts"}],"about":[{"href":"https:\/\/upstateinternational.org\/es\/wp-json\/wp\/v2\/types\/post"}],"author":[{"embeddable":true,"href":"https:\/\/upstateinternational.org\/es\/wp-json\/wp\/v2\/users\/1"}],"replies":[{"embeddable":true,"href":"https:\/\/upstateinternational.org\/es\/wp-json\/wp\/v2\/comments?post=88665"}],"version-history":[{"count":0,"href":"https:\/\/upstateinternational.org\/es\/wp-json\/wp\/v2\/posts\/88665\/revisions"}],"wp:featuredmedia":[{"embeddable":true,"href":"https:\/\/upstateinternational.org\/es\/wp-json\/wp\/v2\/media\/71636"}],"wp:attachment":[{"href":"https:\/\/upstateinternational.org\/es\/wp-json\/wp\/v2\/media?parent=88665"}],"wp:term":[{"taxonomy":"category","embeddable":true,"href":"https:\/\/upstateinternational.org\/es\/wp-json\/wp\/v2\/categories?post=88665"},{"taxonomy":"post_tag","embeddable":true,"href":"https:\/\/upstateinternational.org\/es\/wp-json\/wp\/v2\/tags?post=88665"}],"curies":[{"name":"wp","href":"https:\/\/api.w.org\/{rel}","templated":true}]}}