{"id":88627,"date":"2019-08-20T14:36:00","date_gmt":"2019-08-20T18:36:00","guid":{"rendered":"https:\/\/ui-hybrid.local\/we-must-abolish-the-public-charge-rule-a-washington-post-op-ed-by-ui-board-member-chris-richardson\/"},"modified":"2019-08-20T14:36:00","modified_gmt":"2019-08-20T18:36:00","slug":"we-must-abolish-the-public-charge-rule-a-washington-post-op-ed-by-ui-board-member-chris-richardson","status":"publish","type":"post","link":"https:\/\/upstateinternational.org\/fr\/we-must-abolish-the-public-charge-rule-a-washington-post-op-ed-by-ui-board-member-chris-richardson\/","title":{"rendered":"Il faut abolir la r\u00e8gle de la \u2018\u00a0charge publique\u00a0\u2019. Tribune libre de Chris Richardson, membre du conseil d&#039;administration de l&#039;UI, publi\u00e9e dans le Washington Post."},"content":{"rendered":"<section id=\"top-content\" class=\"col-xs-12 layout\">\n<div id=\"flDk5k1Iy8x8zr\" class=\"moat-trackable pb-f-theme-normal pb-f-dehydrate-false pb-f-async-false full pb-feature pb-layout-item pb-f-article-article-topper\" data-chain-name=\"no-name\" data-feature-name=\"no-name\" data-feature-id=\"article\/article-topper\" data-pb-fingerprint=\"0fybJrvjKqI\">\n<div class=\"border-bottom-off border-bottom-100-pct\">\n<div id=\"article-topper\" class=\"article-topper\">\n<div id=\"topper-headline-wrapper\">\n<div class=\"topper-headline\"><\/div>\n<\/div>\n<div class=\"clear\">15 ao\u00fbt 2019<\/div>\n<\/div>\n<\/div>\n<\/div>\n<\/section>\n<section id=\"main-content\" class=\"col-xl-9 col-lg-8 col-md-8 col-sm-12 col-xs-12 col-xs-offset-0 col-sm-offset-0 col-md-offset-0 col-lg-offset-0 layout\">\n<div id=\"fxBNjJ1Iy8x8zr\" class=\"moat-trackable pb-f-theme-normal pb-f-dehydrate-false pb-f-async-false full pb-feature pb-layout-item pb-f-article-article-body\" data-chain-name=\"no-name\" data-feature-name=\"no-name\" data-feature-id=\"article\/article-body\" data-pb-fingerprint=\"0fW6vawjKq2\">\n<div id=\"article-body\" class=\"article-body content-format-ans\">\n<article class=\"paywall\">\n<p data-elm-loc=\"1\"><i>Christopher Richardson a \u00e9t\u00e9 agent consulaire et diplomate au D\u00e9partement d&#039;\u00c9tat de 2011 \u00e0 2018. Il est aujourd&#039;hui avocat sp\u00e9cialis\u00e9 en immigration.<\/i><\/p>\n<p data-elm-loc=\"2\">L&#039;administration Trump\u00a0<a href=\"https:\/\/www.washingtonpost.com\/immigration\/trump-administration-aims-to-make-citizenship-more-difficult-for-immigrants-who-rely-on-public-assistance\/2019\/08\/12\/fe3f8162-b565-11e9-8949-5f36ff92706e_story.html\">annonc\u00e9<\/a>\u00a0une extension consid\u00e9rable cette semaine d&#039;un crit\u00e8re d&#039;inadmissibilit\u00e9 en mati\u00e8re d&#039;immigration connu sous le nom de \u201c charge publique \u201d.\u00a0<a href=\"https:\/\/www.federalregister.gov\/documents\/2019\/08\/14\/2019-17142\/inadmissibility-on-public-charge-grounds\">nouvelle r\u00e8gle<\/a>, Ce texte de plus de 800 pages instaure des crit\u00e8res plus stricts pour les demandeurs de r\u00e9sidence permanente qui b\u00e9n\u00e9ficient d&#039;aides sociales telles que Medicaid, les bons alimentaires ou l&#039;aide au logement. Autrement dit, les services d&#039;immigration examineront plus attentivement la solvabilit\u00e9, le patrimoine, l&#039;\u00e2ge et le niveau d&#039;\u00e9tudes des demandeurs afin de d\u00e9terminer leur admissibilit\u00e9 au territoire am\u00e9ricain.<\/p>\n<p data-elm-loc=\"3\">Une telle politique peut para\u00eetre choquante, mais en r\u00e9alit\u00e9, la disposition relative \u00e0 la charge publique est depuis longtemps un instrument de racisme et de classisme aux \u00c9tats-Unis. Loin d&#039;\u00eatre \u00e9tendue, cette r\u00e8gle devrait \u00eatre abolie comme un vestige d&#039;une \u00e9poque r\u00e9volue.<\/p>\n<p data-elm-loc=\"4\">Bas\u00e9 sur\u00a0<a href=\"https:\/\/www.uscis.gov\/greencard\/public-charge\">la loi sur l&#039;immigration et la nationalit\u00e9<\/a>, La notion de charge publique \u2014 qui d\u00e9signait \u00e0 l&#039;origine une personne d\u00e9pendante de l&#039;\u00c9tat pour sa subsistance \u2014 est sans doute l&#039;aspect le plus ancien du droit de l&#039;immigration am\u00e9ricain actuel.\u00a0<a href=\"https:\/\/www.pri.org\/stories\/2018-12-19\/trump-administration-s-public-charge-provision-has-roots-colonial-us\">vient de<\/a>\u00a0Dans les ann\u00e9es 1840 et 1850, le parti nativiste \u201c Know Nothing \u201d utilisa des dispositions en vigueur dans des \u00c9tats anti-catholiques comme New York et le Massachusetts pour expulser les catholiques irlandais pauvres, car ils \u00e9taient \u201c susceptibles de devenir \u00e0 tout moment une charge pour la soci\u00e9t\u00e9 \u201d. Dans les ann\u00e9es 1880, alors que des immigrants d&#039;Europe de l&#039;Est et du Sud commen\u00e7aient \u00e0 arriver dans le pays, ces m\u00eames nativistes press\u00e8rent le Congr\u00e8s d&#039;agir avec plus de fermet\u00e9.<\/p>\n<p data-elm-loc=\"5\">La r\u00e8gle de la charge publique fut donc incluse dans la loi sur l&#039;immigration de 1882, la premi\u00e8re r\u00e9forme globale de l&#039;immigration de l&#039;histoire des \u00c9tats-Unis. Cette loi fut adopt\u00e9e par le m\u00eame Congr\u00e8s.\u00a0<a href=\"https:\/\/history.house.gov\/Congressional-Overview\/Profiles\/47th\/\">qui a promulgu\u00e9<\/a>\u00a0La loi d&#039;exclusion des Chinois interdisait l&#039;entr\u00e9e sur le territoire \u00e0 \u201c tout condamn\u00e9, ali\u00e9n\u00e9, idiot ou toute personne incapable de subvenir \u00e0 ses besoins sans devenir une charge pour l&#039;\u00c9tat \u201d. Le Congr\u00e8s n&#039;ayant d\u00e9fini nulle part le terme \u201c charge pour l&#039;\u00c9tat \u201d, celui-ci fut rapidement d\u00e9tourn\u00e9 par les administrations anti-immigration.<\/p>\n<p data-elm-loc=\"6\">Des livres tels que \u201c<a href=\"https:\/\/www.amazon.com\/gp\/product\/019061921X\/ref=as_li_qf_asin_il_tl?ie=UTF8&#038;tag=washpost-20&#038;creative=9325&#038;linkCode=as2&#038;creativeASIN=019061921X&#038;linkId=88b725bb5e9fd75c794ee21386619af5\" target=\"_blank\" rel=\"noopener noreferrer\">Expulser les pauvres<\/a>\u201d et \u201c d&#039;Erik Larson \u00bb<a href=\"https:\/\/www.amazon.com\/gp\/product\/030740885X\/ref=as_li_qf_asin_il_tl?ie=UTF8&#038;tag=washpost-20&#038;creative=9325&#038;linkCode=as2&#038;creativeASIN=030740885X&#038;linkId=55f58815ed4b33d7d08577ddf5b9989f\" target=\"_blank\" rel=\"noopener noreferrer\">Dans le jardin des b\u00eates<\/a>\u201dCe document d\u00e9crit en d\u00e9tail, avec une tristesse poignante, comment les agents consulaires du D\u00e9partement d&#039;\u00c9tat, dans les ambassades et consulats am\u00e9ricains \u00e0 l&#039;\u00e9tranger, ont utilis\u00e9 les dispositions relatives \u00e0 la charge publique pour emp\u00eacher l&#039;entr\u00e9e de personnes \u201c ind\u00e9sirables \u201d originaires de pays non europ\u00e9ens. M\u00eame des candidats fortun\u00e9s d&#039;Asie, d&#039;Afrique et d&#039;Europe de l&#039;Est se sont vu refuser l&#039;entr\u00e9e par des agents consulaires qui estimaient qu&#039;ils pourraient devenir une charge pour l&#039;\u00c9tat ou prendre le travail de citoyens am\u00e9ricains.<\/p>\n<div class=\"-content  -video\" data-elm-loc=\"7\">\n<div class=\"wpv-wrap\" data-lazy-background=\"https:\/\/www.washingtonpost.com\/player\/prod\/img\/wp_grey.jpg\" data-lazy-backgrounding=\"true\">\n<div class=\"wpv-fixed\">\n<div class=\"powa-sticky-stuck\">\n<div class=\"powa-sticky-stick\">\n<div id=\"powa-bfa79302-7a23-42f6-840e-45e0f00603bd\" class=\"posttv-video-embed powa powa-processed small\" data-org=\"wapo\" data-uuid=\"bfa79302-7a23-42f6-840e-45e0f00603bd\" data-ad-bar=\"1\" data-playthrough=\"1\" data-blurb=\"1\" data-object-id=\"5d54368d52faff0009223a21\" data-youtube-id=\"\" data-live=\"0\" data-aspect-ratio=\"0.5625\" data-powa-index=\"0\" data-lazyload=\"true\" data-init-on-scroll=\"true\" data-sticky=\"true\" data-ad-preload=\"true\" data-player-type=\"posttv-embed\" data-ad-timeouts=\"{\" data-controls=\"false\" data-mobile-controls=\"false\" data-device-class=\"deskweb\" data-env=\"v\/3.0.3-wapo.25\" data-article-autoplay=\"false\">\n<div class=\"powa-shot\">\n<div class=\"powa-shot-image powa-click-promo-play\">\n<div class=\"powa-shot-title\">La r\u00e8gle de la \u201c\u00a0charge publique\u00a0\u201d occulte une r\u00e9alit\u00e9 \u00e9conomique importante\u00a0: les immigrants contribuent de mani\u00e8re significative \u00e0 l\u2019\u00e9conomie am\u00e9ricaine, affirme Joy Sharon Yi. (Vid\u00e9o\u00a0: Joy Sharon Yi\/Photo\u00a0: Sarah Hashemi\/The Washington Post)<\/div>\n<\/div>\n<\/div>\n<\/div>\n<\/div>\n<\/div>\n<\/div>\n<\/div>\n<\/div>\n<p data-elm-loc=\"8\">Plus tristement c\u00e9l\u00e8bre encore, des centaines de milliers de personnes se sont vu refuser l&#039;entr\u00e9e au cours des ann\u00e9es 1930. Malgr\u00e9 la mont\u00e9e d&#039;Hitler et le sentiment antijuif en Europe, les dirigeants du D\u00e9partement d&#039;\u00c9tat ont refus\u00e9 d&#039;accorder l&#039;entr\u00e9e aux \u00c9tats-Unis \u00e0 des centaines de milliers de personnes.\u00a0<a href=\"https:\/\/books.google.com\/books?id=mzxw7lio-RwC&#038;pg=PA31&#038;lpg=PA31&#038;dq=Garden+of+beasts+%22consular+officials%22+%22public+charge%22&#038;source=bl&#038;ots=wE260v0sVr&#038;sig=ACfU3U3IdDYxln7RoTHCeS0zfgyAxyGYSQ&#038;hl=en&#038;sa=X&#038;ved=2ahUKEwiMrtGNiYXkAhUFHqwKHU-FAN8Q6AEwAHoECAkQAQ#v=onepage&#038;q=Garden%20of%20beasts%20%22consular%20officials%22%20%22public%20charge%22&#038;f=false\">dirig\u00e9<\/a>\u00a0Les agents consulaires ont utilis\u00e9 la disposition relative \u00e0 la charge publique pour refuser l&#039;entr\u00e9e aux r\u00e9fugi\u00e9s juifs. M\u00eame apr\u00e8s que le D\u00e9partement d&#039;\u00c9tat a finalement renonc\u00e9 \u00e0 utiliser cette loi pour cibler les r\u00e9fugi\u00e9s juifs, ils ont continu\u00e9 \u00e0 le faire.\u00a0<a href=\"https:\/\/www.pri.org\/stories\/2018-12-19\/trump-administration-s-public-charge-provision-has-roots-colonial-us\">j&#039;ai continu\u00e9 \u00e0 l&#039;utiliser<\/a>\u00a0Des d\u00e9cennies plus tard, cette disposition interdisait aux homosexuels, aux lesbiennes et aux personnes handicap\u00e9es d&#039;obtenir des visas. Dans les ann\u00e9es 1990, elle bloquait pr\u00e8s de\u2026\u00a0<a href=\"https:\/\/www.cato.org\/blog\/explanation-public-charge-rule-frequently-asked-questions\">20 pour cent<\/a>\u00a0des demandeurs de visa d&#039;immigrant.<\/p>\n<p data-elm-loc=\"9\">Cette pratique est tomb\u00e9e en d\u00e9su\u00e9tude dans les ann\u00e9es 2000, mais elle a\u00a0<a href=\"https:\/\/www.pri.org\/stories\/2019-04-15\/us-immigrant-visa-denials-skyrocket-under-back-door-public-charge-rule-change\">ont connu une r\u00e9surgence<\/a>\u00a0Avec l&#039;arriv\u00e9e au pouvoir du pr\u00e9sident Trump, et m\u00eame avant l&#039;annonce de cette nouvelle r\u00e9glementation, les ambassades et consulats am\u00e9ricains au Mexique, par exemple, ont constat\u00e9 une explosion des refus de visa pour cause de charge publique.<\/p>\n<p data-elm-loc=\"10\">Nous ne pouvons pas non plus ignorer le fait qu&#039;un\u00a0<a href=\"https:\/\/foreignpolicy.com\/2016\/05\/22\/state-department-race-gender-diversity-susan-rice-kerry\/\">majoritairement blanc<\/a>\u00a0Le service diplomatique \u2013 compos\u00e9 \u00e0 seulement 5,4 % d&#039;Afro-Am\u00e9ricains et \u00e0 5,6 % d&#039;Hispaniques \u2013 est charg\u00e9 de porter de tels jugements de valeur sur une population immigr\u00e9e majoritairement brune et noire. En fait,\u00a0<a href=\"https:\/\/www.washingtonpost.com\/world\/national-security\/homeland-security-staffer-with-white-nationalist-ties-attended-white-house-policy-meetings\/2018\/08\/30\/7fcb0212-abab-11e8-8a0c-70b618c98d3c_story.html\">l&#039;un des cr\u00e9ateurs<\/a>\u00a0Suite \u00e0 l&#039;entr\u00e9e en vigueur de la nouvelle r\u00e9glementation, Ian Smith, ancien analyste du d\u00e9partement de la S\u00e9curit\u00e9 int\u00e9rieure, a \u00e9t\u00e9 contraint de d\u00e9missionner en raison de ses liens avec des groupes nationalistes blancs.<\/p>\n<p data-elm-loc=\"11\">La r\u00e9ponse \u00e0 la r\u00e9glementation de l&#039;administration Trump ne devrait pas se limiter \u00e0 son abrogation. Il est imp\u00e9ratif de l&#039;abolir. Les immigrants sont d\u00e9j\u00e0 soumis \u00e0 une proc\u00e9dure de s\u00e9lection rigoureuse qui examine leurs ant\u00e9c\u00e9dents judiciaires, de s\u00e9curit\u00e9 et m\u00e9dicaux. Le gouvernement dispose de bases de donn\u00e9es polici\u00e8res, de donn\u00e9es biom\u00e9triques et d&#039;algorithmes complexes d&#039;\u00e9valuation des risques pour enqu\u00eater sur la vie de ces demandeurs d&#039;immigration. Ces derniers d\u00e9pensent des milliers de dollars en frais d&#039;avocat et de dossier. Ils doivent se soumettre \u00e0 une s\u00e9rie de questions embarrassantes concernant leur vie sexuelle, leur histoire familiale et leur utilisation des r\u00e9seaux sociaux devant les agents d&#039;immigration. L&#039;obtention d&#039;une carte verte peut prendre des ann\u00e9es, m\u00eame sans tenir compte de la r\u00e8gle de la charge publique.<\/p>\n<p data-elm-loc=\"12\">Nous avons trop longtemps laiss\u00e9 les dispositions relatives \u00e0 la charge publique servir d&#039;outil de discrimination, et les nouvelles r\u00e9glementations de Trump ne manqueront pas de perp\u00e9tuer cette pratique. De m\u00eame que notre pays a rejet\u00e9 les interdictions d&#039;immigration fond\u00e9es sur le statut s\u00e9rologique des demandeurs ou leur incapacit\u00e9 \u00e0 r\u00e9ussir des tests d&#039;alphab\u00e9tisation, ce test de pauvret\u00e9 moderne doit lui aussi \u00eatre aboli.<\/p>\n<p data-elm-loc=\"12\"><img fetchpriority=\"high\" decoding=\"async\" class=\"\" src=\"https:\/\/upstateinter.wpenginepowered.com\/wp-content\/uploads\/2023\/08\/X53LCTC73EI6NBGBNUTSQ6EWWU.jpg\" alt=\" _811_https:\/\/www.washingtonpost.com\/resizer\/mZISuc1Kf3Yc3JgY28ePr4LcNUM=\/1484x0\/arc-anglerfish-washpost-prod-washpost.s3.amazonaws.com\/public\/X53LCTC73EI6NBGBNUTSQ6EWWU.jpg\" width=\"537\" height=\"358\" \/><\/p>\n<h5 class=\"-content  -photo  -photo-normal\" data-elm-loc=\"0\"><span class=\"pb-caption\">Un citoyen nouvellement naturalis\u00e9 brandit un drapeau am\u00e9ricain lors d&#039;une c\u00e9r\u00e9monie de naturalisation \u00e0<br \/>\n<\/span><span class=\"pb-caption\">Bureau d&#039;Atlanta des services de citoyennet\u00e9 et d&#039;immigration des \u00c9tats-Unis en ao\u00fbt 2016.<br \/>\n(Kevin D. Liles\/Pour le Washington Post)<\/span><\/h5>\n<div class=\"author-sig-line-wrapper\">\n<div class=\"author-sig-line\">\n<div class=\"author-byline\">\n<div class=\"author-wrapper\" data-authorname=\"Christopher Richardson\">\n<div><\/div>\n<\/div>\n<\/div>\n<\/div>\n<\/div>\n<\/article>\n<\/div>\n<\/div>\n<\/section>","protected":false},"excerpt":{"rendered":"","protected":false},"author":62,"featured_media":61108,"comment_status":"closed","ping_status":"closed","sticky":false,"template":"","format":"standard","meta":{"_acf_changed":false,"_mo_disable_npp":"","wds_primary_category":0,"footnotes":""},"categories":[41],"tags":[],"class_list":["post-88627","post","type-post","status-publish","format-standard","has-post-thumbnail","hentry","category-news"],"acf":[],"_links":{"self":[{"href":"https:\/\/upstateinternational.org\/fr\/wp-json\/wp\/v2\/posts\/88627","targetHints":{"allow":["GET"]}}],"collection":[{"href":"https:\/\/upstateinternational.org\/fr\/wp-json\/wp\/v2\/posts"}],"about":[{"href":"https:\/\/upstateinternational.org\/fr\/wp-json\/wp\/v2\/types\/post"}],"author":[{"embeddable":true,"href":"https:\/\/upstateinternational.org\/fr\/wp-json\/wp\/v2\/users\/62"}],"replies":[{"embeddable":true,"href":"https:\/\/upstateinternational.org\/fr\/wp-json\/wp\/v2\/comments?post=88627"}],"version-history":[{"count":0,"href":"https:\/\/upstateinternational.org\/fr\/wp-json\/wp\/v2\/posts\/88627\/revisions"}],"wp:featuredmedia":[{"embeddable":true,"href":"https:\/\/upstateinternational.org\/fr\/wp-json\/wp\/v2\/media\/61108"}],"wp:attachment":[{"href":"https:\/\/upstateinternational.org\/fr\/wp-json\/wp\/v2\/media?parent=88627"}],"wp:term":[{"taxonomy":"category","embeddable":true,"href":"https:\/\/upstateinternational.org\/fr\/wp-json\/wp\/v2\/categories?post=88627"},{"taxonomy":"post_tag","embeddable":true,"href":"https:\/\/upstateinternational.org\/fr\/wp-json\/wp\/v2\/tags?post=88627"}],"curies":[{"name":"wp","href":"https:\/\/api.w.org\/{rel}","templated":true}]}}