{"id":93664,"date":"2026-02-07T18:42:12","date_gmt":"2026-02-07T23:42:12","guid":{"rendered":"https:\/\/upstateinternational.org\/?p=93664"},"modified":"2026-02-07T18:42:12","modified_gmt":"2026-02-07T23:42:12","slug":"sniff-something-sweet-is-coming-this-february","status":"publish","type":"post","link":"https:\/\/upstateinternational.org\/fr\/sniff-something-sweet-is-coming-this-february\/","title":{"rendered":"Snif\u2026 Une douce surprise arrive en f\u00e9vrier"},"content":{"rendered":"<div class=\"mailchimp-campaign-content\">\n<h2><span><span><span>\u00c9v\u00e9nement du dimanche : Club de conversation chinoise<\/span><\/span><\/span><\/h2>\n<div class=\"campaign-row campaign-cols-2\">\n<div class=\"campaign-col campaign-col-1\"><img decoding=\"async\" alt=\"\" src=\"https:\/\/mcusercontent.com\/ca8774e385db7c0da01940226\/images\/6866118a-6818-7e67-507b-b2e6dfdc25e6.png\" width=\"178.6\" height=\"auto\"><\/div>\n<div class=\"campaign-col campaign-col-2\">\n<p><span><span><span><span>Le club de conversation chinoise se r\u00e9unit \u00e0 la Maison de l&#039;Universit\u00e9 de l&#039;Iowa (UI House) le deuxi\u00e8me dimanche de chaque mois, de 15h00 \u00e0 16h15. La prochaine r\u00e9union aura lieu le dimanche 8 f\u00e9vrier et est ouverte \u00e0 tous les membres de l&#039;UI souhaitant am\u00e9liorer leurs comp\u00e9tences en conversation chinoise. De plus, la Maison de l&#039;UI House sera d\u00e9cor\u00e9e pour le Nouvel An chinois\u00a0! Non-membres\u00a0: envie d&#039;essayer un club de conversation\u00a0? Vous pouvez assister \u00e0 une r\u00e9union avant de vous inscrire\u00a0!<\/span><\/span><\/span><\/span><\/p>\n<\/div>\n<\/div>\n<h2><span><span><span>Mises \u00e0 jour du programme du club de conversation<\/span><\/span><\/span><\/h2>\n<div class=\"campaign-row campaign-cols-2\">\n<div class=\"campaign-col campaign-col-1\">\n<p><strong><span><span>Anglais: <\/span><\/span><\/strong><\/p>\n<p><span><span>Tous les mercredis, de 9h45 \u00e0 11h00 et<\/span><\/span><\/p>\n<p><span><span>Les 1er et 3e dimanches du mois, de 18h30 \u00e0 19h45<\/span><\/span><\/p>\n<p><strong><span><span>Espagnol:<\/span><\/span><\/strong><\/p>\n<p><span><span>Les 2e et 4e jeudis du mois, de 15h45 \u00e0 17h00<\/span><\/span><\/p>\n<p><strong><span><span>Fran\u00e7ais:<\/span><\/span><\/strong><\/p>\n<p><span><span>Vendredi dernier, de 19h00 \u00e0 21h00<\/span><\/span><\/p>\n<p><strong><span><span>Allemand:<\/span><\/span><\/strong><\/p>\n<p><span><span>1er samedi, 18h00 \u2013 19h30<\/span><\/span><\/p>\n<p><span><span>*La prochaine rencontre aura lieu au Hans &amp; Franz Biergarten le samedi 7 f\u00e9vrier 2026. <\/span><\/span><\/p>\n<\/div>\n<div class=\"campaign-col campaign-col-2\">\n<p><strong><span><span>Italien:<\/span><\/span><\/strong><\/p>\n<p><span><span>3e jeudi, 18h00 \u2013 19h15<\/span><\/span><\/p>\n<p><strong><span><span>Russe:<\/span><\/span><\/strong><\/p>\n<p><span><span>Dimanche dernier, de 14h00 \u00e0 15h15<\/span><\/span><\/p>\n<p><strong><span><span>Chinois:<\/span><\/span><\/strong><\/p>\n<p><span><span>2e dimanche, 15h00 \u2013 16h15<\/span><\/span><\/p>\n<p><span><span>Tous les clubs de conversation se r\u00e9unissent \u00e0 Upstate International, \u00e0 l&#039;exception du groupe allemand, dont le lieu peut changer d&#039;un mois \u00e0 l&#039;autre.<\/span><\/span><\/p>\n<p><a href=\"https:\/\/upstateinternational.org\/fr\/conversation-clubs\/\" target=\"_blank\" rel=\"noreferrer\">Apprendre encore plus<\/a><\/div>\n<\/div>\n<h2><span><span><span>Nous proposons d\u00e9sormais un \u201c mini-semestre \u201d d&#039;\u00e9cole de langues.\u201d<\/span><\/span><\/span><\/h2>\n<p><span><span><span><span>L&#039;\u00e9cole de langues internationales Monique et Bill Glass vous invite \u00e0 d\u00e9couvrir son semestre de printemps B\u00a0! Ce \u201c\u00a0mini-semestre\u00a0\u201d de printemps B propose des cours r\u00e9guliers et intensifs sur une session de 9 semaines, d\u00e9butant apr\u00e8s les vacances de printemps des \u00e9coles du comt\u00e9 de Greenville. Les cours commencent le lundi 23 mars et se terminent le samedi 23 mai. Nous pr\u00e9voyons d&#039;organiser des cours de langue des signes am\u00e9ricaine, d&#039;allemand d\u00e9butant, de russe interm\u00e9diaire et un cours d&#039;anglais langue seconde hybride\u00a0! Restez connect\u00e9s pour en savoir plus au mois de f\u00e9vrier.<\/span><\/span><\/span><\/span><\/p>\n<p><span><span><span><span>Vous souhaitez enseigner \u00e0 l&#039;Universit\u00e9 de l&#039;Iowa pendant ce mini-semestre\u00a0? Les enseignants b\u00e9n\u00e9ficient d&#039;une adh\u00e9sion gratuite \u00e0 Gateway UI, d&#039;une inscription gratuite \u00e0 un cours de langue de leur choix et d&#039;une indemnit\u00e9 pour chaque s\u00e9ance dispens\u00e9e. Veuillez remplir le formulaire. <\/span><\/span><\/span><\/span><a href=\"https:\/\/upstateinternational.org\/fr\/teaching\/\" target=\"_blank\"><span><span><span>formulaire d&#039;int\u00e9r\u00eat de l&#039;enseignant<\/span><\/span><\/span><\/a><span><span><span><span>.<\/span><\/span><\/span><\/span><\/p>\n<p><span><span><span><span>PROFESSEURS D&#039;ANGLAIS, D&#039;ESPAGNOL ET DE JAPONAIS DE NIVEAU D\u00c9BUTANT RECHERCH\u00c9S !<\/span><\/span><\/span><\/span><\/p>\n<h2><span><span><span>\ud83c\udf0e <\/span><\/span><\/span><span><span><span>Coin des langues<\/span><\/span><\/span><\/h2>\n<div class=\"campaign-row campaign-cols-2\">\n<div class=\"campaign-col campaign-col-1\">\n<p><strong><span><span>Apprendre l&#039;allemand :<\/span><\/span><\/strong><\/p>\n<p><span><span>Je suis avec moi auf das Wochenende<\/span><\/span><\/p>\n<p><span><span>(ish FROY-eh mich owf das VOH-ken-en-deh)<\/span><\/span><\/p>\n<p><em><span><span>J&#039;attends le week-end avec impatience<\/span><\/span><\/em><\/p>\n<p><strong><span><span>Conseil:<\/span><\/span><\/strong><\/p>\n<p><em><span><span>Une excellente phrase \u00e0 travailler avant le week-end. Gardez le \u201c ich \u201d doux, presque comme un l\u00e9ger sifflement, et laissez le rythme s&#039;\u00e9couler naturellement.<\/span><\/span><\/em><\/p>\n<p><a href=\"https:\/\/translate.google.com\/?sl=auto&amp;tl=en&amp;text=Ich%20freue%20mich%20auf%20das%20Wochenende&amp;op=translate\" target=\"_blank\"><em><strong><span><span>\u00c9coutez comment le dire<\/span><\/span><\/strong><\/em><\/a><\/p>\n<\/div>\n<div class=\"campaign-col campaign-col-2\"><img decoding=\"async\" alt=\"\" src=\"https:\/\/mcusercontent.com\/ca8774e385db7c0da01940226\/images\/f820030c-c742-60e2-68ec-62495527dca0.jpg\" width=\"274.16\" height=\"auto\"><\/div>\n<\/div>\n<h2><span><span><span>\u2b50\ufe0f \u00c0 la une<\/span><\/span><\/span><\/h2>\n<p><span><span>David Thibodeaux<\/span><span>, <\/span><\/span><em><span><span>Enseignant et \u00e9tudiant en interface utilisateur<\/span><\/span><\/em><\/p>\n<p><strong><span><span>David Thibodeaux<\/span><\/span><\/strong><span><span> David cumule deux fonctions \u00e0 Upstate International\u00a0: \u00e9tudiant passionn\u00e9 de langues et professeur d\u2019anglais. Depuis son arriv\u00e9e \u00e0 Upstate International en tant qu\u2019\u00e9tudiant en 2024 et son entr\u00e9e dans l\u2019enseignement en mai 2025, David a saisi toutes les occasions d\u2019apprendre, d\u2019\u00e9changer et de partager sa passion pour les langues.<\/span><\/span><\/p>\n<p><span><span>Pour David, les cours de langues sont le point fort de son exp\u00e9rience \u00e0 Upstate International. Il a particuli\u00e8rement appr\u00e9ci\u00e9 le cycle de cours d&#039;italien en trois parties. <\/span><\/span><em><span><span>L&#039;Italiano a Tavola<\/span><\/span><\/em><span><span> Avec Luigi et Amy. Ce cours allie culture et gastronomie, r\u00e9unissant les participants autour de repas authentiques et faits maison, tout en explorant la langue et les traditions italiennes. C&#039;est, selon lui, une exp\u00e9rience qui parle d&#039;elle-m\u00eame.<\/span><\/span><\/p>\n<p><span><span>Ce qui frappe le plus David, c&#039;est l&#039;esprit d&#039;accueil qui r\u00e8gne au sein de la communaut\u00e9. Pour lui, l&#039;atmosph\u00e8re d&#039;Upstate International va bien au-del\u00e0 de la simple convivialit\u00e9. Les nouveaux arrivants se sentent rapidement chez eux, comme s&#039;ils avaient trouv\u00e9 une seconde famille. \u201c\u00a0Bienvenue\u00a0\u201d, dit-il, refl\u00e9tant la chaleur qui caract\u00e9rise l&#039;organisation.<\/span><\/span><\/p>\n<p><span><span>Son conseil \u00e0 tous ceux qui envisagent de s&#039;impliquer est simple\u00a0: commencez par un cours de langue et plongez-vous dans une nouvelle culture. Gr\u00e2ce \u00e0 sa propre exp\u00e9rience, David a rencontr\u00e9 une multitude de personnes int\u00e9ressantes et a tiss\u00e9 des liens pr\u00e9cieux qu&#039;il aurait aim\u00e9 nouer plus t\u00f4t.<\/span><\/span><\/p>\n<p><span><span>Anglophone de naissance, David se consacre actuellement \u00e0 l&#039;apprentissage de l&#039;italien, inspir\u00e9 par un voyage en Italie en 2023 qui a suscit\u00e9 chez lui un profond int\u00e9r\u00eat pour la langue et la culture. En dehors de ses cours, il aime la randonn\u00e9e, la cuisine, l&#039;\u00e9criture, le yoga et enseigner la chimie, la biologie et l&#039;anglais langue seconde.<\/span><\/span><\/p>\n<p><span><span>Un d\u00e9tail amusant concernant David\u00a0: il a grandi dans une famille multilingue o\u00f9 l\u2019on parlait fran\u00e7ais, anglais et parfois espagnol. Ironie du sort, il a \u00e9t\u00e9 le seul \u00e0 ne parler qu\u2019anglais pendant la majeure partie de sa vie. Aujourd\u2019hui, gr\u00e2ce \u00e0 ses \u00e9tudes \u00e0 Upstate International, il change la donne, une le\u00e7on d\u2019italien \u00e0 la fois. <\/span><\/span><strong><span><span>Merci pour ce partage !<\/span><\/span><\/strong><\/p>\n<div class=\"campaign-row campaign-cols-3\">\n<div class=\"campaign-col campaign-col-1\"><img decoding=\"async\" alt=\"\" src=\"https:\/\/mcusercontent.com\/ca8774e385db7c0da01940226\/images\/6f026d3f-3f69-fc83-4e3f-79ad3879c81c.png\" width=\"187\" height=\"auto\"><\/div>\n<div class=\"campaign-col campaign-col-2\"><img decoding=\"async\" alt=\"\" src=\"https:\/\/mcusercontent.com\/ca8774e385db7c0da01940226\/images\/73e511a7-5867-2907-cb25-18427d7334ae.png\" width=\"187\" height=\"auto\"><\/div>\n<div class=\"campaign-col campaign-col-3\"><img decoding=\"async\" alt=\"\" src=\"https:\/\/mcusercontent.com\/ca8774e385db7c0da01940226\/images\/43d86ab3-4007-c9b0-cd27-f81d50f63d28.png\" width=\"187\" height=\"auto\"><\/div>\n<\/div>\n<h2><span><span><span>\ud83d\uddd3\ufe0f \u00c9v\u00e9nements \u00e0 venir<\/span><\/span><\/span><\/h2>\n<h3><strong><span><span><span><span>R\u00e9union du club de lecture de l&#039;UI \u2013 f\u00e9vrier<\/span><\/span><\/span><\/span><\/strong><\/h3>\n<p><strong><span><span><span><span>\ud83d\udcc5 Date :<\/span><\/span><\/span><\/span><\/strong><span><span><span><span> Lundi 9 f\u00e9vrier 2026<\/span><\/span><\/span><\/span><\/p>\n<p><strong><span><span><span><span>\ud83d\udd50 Heure :<\/span><\/span><\/span><\/span><\/strong><span><span><span><span> 19h00 \u2013 21h00<\/span><\/span><\/span><\/span><\/p>\n<p><strong><span><span><span><span>\ud83d\udccd Lieu :<\/span><\/span><\/span><\/span><\/strong><span><span><span><span> L&#039;adresse sera communiqu\u00e9e apr\u00e8s confirmation de pr\u00e9sence.<\/span><\/span><\/span><\/span><\/p>\n<p><em><span><span><span><span>Livre\u00a0: Les femmes lionnes de T\u00e9h\u00e9ran | Auteur\u00a0: Marjan Kamali | 9 f\u00e9vrier 2026 Dans le T\u00e9h\u00e9ran des ann\u00e9es 1950, Ellie, sept ans, vit dans un grand confort jusqu\u2019\u00e0 ce que\u2026<\/span><\/span><\/span><\/span><\/em><\/p>\n<p><a href=\"https:\/\/upstateinternational.org\/fr\/ui-events\/ui-book-club-meeting-feb\/\"><strong><span><span><span><span>\ud83d\udcd6 En savoir plus<\/span><\/span><\/span><\/span><\/strong><\/a><\/p>\n<h3><strong><span><span><span><span>Caf\u00e9 et artisanat avec l&#039;UIWG<\/span><\/span><\/span><\/span><\/strong><\/h3>\n<p><strong><span><span><span><span>\ud83d\udcc5 Date :<\/span><\/span><\/span><\/span><\/strong><span><span><span><span> Mardi 10 f\u00e9vrier 2026<\/span><\/span><\/span><\/span><\/p>\n<p><strong><span><span><span><span>\ud83d\udd50 Heure :<\/span><\/span><\/span><\/span><\/strong><span><span><span><span> 10h00 \u2013 12h00<\/span><\/span><\/span><\/span><\/p>\n<p><strong><span><span><span><span>\ud83d\udccd Lieu :<\/span><\/span><\/span><\/span><\/strong><span><span><span><span> Upstate International<\/span><\/span><\/span><\/span><\/p>\n<p><span><span><span><span>\ud83d\udccd 9 rue S. Memminger, Greenville<\/span><\/span><\/span><\/span><\/p>\n<p><strong><span><span><span><span>\ud83d\udcb0 Co\u00fbt :<\/span><\/span><\/span><\/span><\/strong><span><span><span><span> <\/span><\/span><\/span><\/span><strong><span><span><span><span>Gratuit pour les membres d&#039;Upstate International<\/span><\/span><\/span><\/span><\/strong><\/p>\n<p><em><span><span><span><span>R\u00e9union UIWG autour d&#039;un caf\u00e9 et d&#039;activit\u00e9s manuelles ! Rejoignez-nous pour cette activit\u00e9 conviviale ! Il ne s&#039;agit pas d&#039;un atelier, mais d&#039;une occasion de terminer le projet que vous avez commenc\u00e9\u2026<\/span><\/span><\/span><\/span><\/em><\/p>\n<p><a href=\"https:\/\/upstateinternational.org\/fr\/ui-events\/coffee-and-crafts-with-the-uiwg\/\"><strong><span><span><span><span>\ud83d\udcd6 En savoir plus<\/span><\/span><\/span><\/span><\/strong><\/a><\/p>\n<h3><strong><span><span><span><span>\u00a1F\u00eates du Mexique\u00a0! Une c\u00e9l\u00e9bration culturelle<\/span><\/span><\/span><\/span><\/strong><\/h3>\n<p><strong><span><span><span><span>\ud83d\udcc5 Date :<\/span><\/span><\/span><\/span><\/strong><span><span><span><span> Jeudi 12 f\u00e9vrier 2026<\/span><\/span><\/span><\/span><\/p>\n<p><strong><span><span><span><span>\ud83d\udd50 Heure :<\/span><\/span><\/span><\/span><\/strong><span><span><span><span> 19h30 \u2013 21h00<\/span><\/span><\/span><\/span><\/p>\n<p><strong><span><span><span><span>\ud83d\udccd Lieu :<\/span><\/span><\/span><\/span><\/strong><span><span><span><span> Centre Brooks pour les arts de la sc\u00e8ne<\/span><\/span><\/span><\/span><\/p>\n<p><span><span><span><span>\ud83d\udccd 141 Jersey Lane, Clemson, SC 29634<\/span><\/span><\/span><\/span><\/p>\n<p><strong><span><span><span><span>\ud83d\udcb0 Co\u00fbt :<\/span><\/span><\/span><\/span><\/strong><span><span><span><span> <\/span><\/span><\/span><\/span><strong><span><span><span><span>25<\/span><\/span><\/span><\/span><\/strong><\/p>\n<p><em><span><span><span><span>Pr\u00e9sent\u00e9 par Clemson | Brooks Center for the Performing Arts Entrez dans un monde enchanteur o\u00f9 des traditions vivantes prennent vie \u00e0 chaque repr\u00e9sentation\u2026<\/span><\/span><\/span><\/span><\/em><\/p>\n<p><a href=\"https:\/\/upstateinternational.org\/fr\/ui-events\/fiestas-de-mexico-a-cultural-celebration\/\"><strong><span><span><span><span>\ud83d\udcd6 En savoir plus<\/span><\/span><\/span><\/span><\/strong><\/a><\/p>\n<h3><strong><span><span><span><span>La Chandeleur alias Cr\u00eape Celebration<\/span><\/span><\/span><\/span><\/strong><\/h3>\n<p><strong><span><span><span><span>\ud83d\udcc5 Date :<\/span><\/span><\/span><\/span><\/strong><span><span><span><span> Dimanche 15 f\u00e9vrier 2026<\/span><\/span><\/span><\/span><\/p>\n<p><strong><span><span><span><span>\ud83d\udd50 Heure :<\/span><\/span><\/span><\/span><\/strong><span><span><span><span> 14h00 \u2013 16h00<\/span><\/span><\/span><\/span><\/p>\n<p><strong><span><span><span><span>\ud83d\udccd Lieu :<\/span><\/span><\/span><\/span><\/strong><span><span><span><span> Upstate International<\/span><\/span><\/span><\/span><\/p>\n<p><span><span><span><span>\ud83d\udccd 9 rue S. Memminger, Greenville<\/span><\/span><\/span><\/span><\/p>\n<p><strong><span><span><span><span>\ud83d\udcb0 Co\u00fbt :<\/span><\/span><\/span><\/span><\/strong><span><span><span><span> <\/span><\/span><\/span><\/span><strong><span><span><span><span>$12 adultes, $5 enfants de 12 ans et moins, gratuit pour les enfants de 5 ans et moins<\/span><\/span><\/span><\/span><\/strong><\/p>\n<p><em><span><span><span><span>Vous \u00eates invit\u00e9s \u00e0 La Chandeleur, \u00e9galement connue sous le nom de F\u00eate de la Cr\u00eape, organis\u00e9e par l&#039;Alliance Fran\u00e7aise et Upstate International. Dimanche 15 f\u00e9vrier de 14h \u00e0 16h \u00e0 Upstat\u2026<\/span><\/span><\/span><\/span><\/em><\/p>\n<p><a href=\"https:\/\/upstateinternational.org\/fr\/ui-events\/la-chandeleur-aka-crepe-celebration-sunday-february-15th-2-4pm\/\"><strong><span><span><span><span>\ud83d\udcd6 En savoir plus<\/span><\/span><\/span><\/span><\/strong><\/a><\/p>\n<h3><strong><span><span><span><span>Caf\u00e9 chez Panera Bread avec l&#039;UIWG<\/span><\/span><\/span><\/span><\/strong><\/h3>\n<p><strong><span><span><span><span>\ud83d\udcc5 Date :<\/span><\/span><\/span><\/span><\/strong><span><span><span><span> Mardi 17 f\u00e9vrier 2026<\/span><\/span><\/span><\/span><\/p>\n<p><strong><span><span><span><span>\ud83d\udd50 Heure :<\/span><\/span><\/span><\/span><\/strong><span><span><span><span> 10h00 \u2013 12h00<\/span><\/span><\/span><\/span><\/p>\n<p><strong><span><span><span><span>\ud83d\udccd Lieu :<\/span><\/span><\/span><\/span><\/strong><span><span><span><span> Panera Bread<\/span><\/span><\/span><\/span><\/p>\n<p><span><span><span><span>\ud83d\udccd 1125 Woodruff Road, Greenville, Caroline du Sud 29607<\/span><\/span><\/span><\/span><\/p>\n<p><strong><span><span><span><span>\ud83d\udcb0 Co\u00fbt :<\/span><\/span><\/span><\/span><\/strong><span><span><span><span> <\/span><\/span><\/span><\/span><strong><span><span><span><span>Gratuit pour les membres d&#039;Upstate International<\/span><\/span><\/span><\/span><\/strong><\/p>\n<p><em><span><span><span><span>Prenez un caf\u00e9 chez Panera Bread sur Woodruff Road (Shops at Greenridge). N&#039;oubliez pas de rejoindre le groupe Upstate International Women&#039;s Group (IWG) pour un caf\u00e9 et de d\u00e9licieuses p\u00e2tisseries\u2026<\/span><\/span><\/span><\/span><\/em><\/p>\n<p><a href=\"https:\/\/upstateinternational.org\/fr\/ui-events\/coffee-at-panera-bread-with-the-uiwg\/\"><strong><span><span><span><span>\ud83d\udcd6 En savoir plus<\/span><\/span><\/span><\/span><\/strong><\/a><\/p>\n<h3><strong><span><span><span><span>Soir\u00e9e entre filles avec l&#039;UIWG<\/span><\/span><\/span><\/span><\/strong><\/h3>\n<p><strong><span><span><span><span>\ud83d\udcc5 Date :<\/span><\/span><\/span><\/span><\/strong><span><span><span><span> Jeudi 19 f\u00e9vrier 2026<\/span><\/span><\/span><\/span><\/p>\n<p><strong><span><span><span><span>\ud83d\udd50 Heure :<\/span><\/span><\/span><\/span><\/strong><span><span><span><span> 18h30 \u2013 21h00<\/span><\/span><\/span><\/span><\/p>\n<p><strong><span><span><span><span>\ud83d\udccd Lieu :<\/span><\/span><\/span><\/span><\/strong><span><span><span><span> Pastavino Cuisine italienne et c\u00f4ti\u00e8re<\/span><\/span><\/span><\/span><\/p>\n<p><span><span><span><span>\ud83d\udccd 441 The Parkway, Greer SC 29650<\/span><\/span><\/span><\/span><\/p>\n<p><strong><span><span><span><span>\ud83d\udcb0 Co\u00fbt :<\/span><\/span><\/span><\/span><\/strong><span><span><span><span> <\/span><\/span><\/span><\/span><strong><span><span><span><span>Les clients r\u00e8glent eux-m\u00eames leur repas au restaurant.<\/span><\/span><\/span><\/span><\/strong><\/p>\n<p><em><span><span><span><span>Soir\u00e9e entre filles au Pastavino, restaurant italien et de fruits de mer, 441 The Parkway, Greer, SC 29650. Rejoignez l&#039;UIWG pour une agr\u00e9able soir\u00e9e\u00a0!<\/span><\/span><\/span><\/span><\/em><\/p>\n<p><a href=\"https:\/\/upstateinternational.org\/fr\/ui-events\/ladies-night-out-with-the-uiwg\/\"><strong><span><span><span><span>\ud83d\udcd6 En savoir plus<\/span><\/span><\/span><\/span><\/strong><\/a><\/p>\n<h3><strong><span><span><span><span>Longue randonn\u00e9e sur le sentier Swamp Rabbit avec l&#039;UIWG<\/span><\/span><\/span><\/span><\/strong><\/h3>\n<p><strong><span><span><span><span>\ud83d\udcc5 Date :<\/span><\/span><\/span><\/span><\/strong><span><span><span><span> Mardi 24 f\u00e9vrier 2026<\/span><\/span><\/span><\/span><\/p>\n<p><strong><span><span><span><span>\ud83d\udd50 Heure :<\/span><\/span><\/span><\/span><\/strong><span><span><span><span> 9h00 \u2013 13h30<\/span><\/span><\/span><\/span><\/p>\n<p><strong><span><span><span><span>\ud83d\udccd Lieu :<\/span><\/span><\/span><\/span><\/strong><span><span><span><span> parking du zoo de Greenville<\/span><\/span><\/span><\/span><\/p>\n<p><span><span><span><span>\ud83d\udccd 150 Cleveland Park Dr., Greenville, SC 29601<\/span><\/span><\/span><\/span><\/p>\n<p><strong><span><span><span><span>\ud83d\udcb0 Co\u00fbt :<\/span><\/span><\/span><\/span><\/strong><span><span><span><span> <\/span><\/span><\/span><\/span><strong><span><span><span><span>Gratuit pour les membres d&#039;Upstate International<\/span><\/span><\/span><\/span><\/strong><\/p>\n<p><em><span><span><span><span>Rejoignez l&#039;UIWG pour une longue randonn\u00e9e sur le sentier du Lapin des Marais. Nous partirons du zoo et marcherons jusqu&#039;au caf\u00e9 du Lapin des Marais pour\u2026<\/span><\/span><\/span><\/span><\/em><\/p>\n<p><a href=\"https:\/\/upstateinternational.org\/fr\/ui-events\/long-walk-on-the-swamp-rabbit-trail-with-the-uiwg\/\"><strong><span><span><span><span>\ud83d\udcd6 En savoir plus<\/span><\/span><\/span><\/span><\/strong><\/a><\/p>\n<h3><strong><span><span><span><span>D\u00e9jeuner au Jasmine Kitchen avec l&#039;UIWG<\/span><\/span><\/span><\/span><\/strong><\/h3>\n<p><strong><span><span><span><span>\ud83d\udcc5 Date :<\/span><\/span><\/span><\/span><\/strong><span><span><span><span> Mercredi 25 f\u00e9vrier 2026<\/span><\/span><\/span><\/span><\/p>\n<p><strong><span><span><span><span>\ud83d\udd50 Heure :<\/span><\/span><\/span><\/span><\/strong><span><span><span><span> 11h45 \u2013 14h30<\/span><\/span><\/span><\/span><\/p>\n<p><strong><span><span><span><span>\ud83d\udccd Lieu :<\/span><\/span><\/span><\/span><\/strong><span><span><span><span> Cuisine Jasmine<\/span><\/span><\/span><\/span><\/p>\n<p><span><span><span><span>\ud83d\udccd 503, rue Augusta, Greenville, Caroline du Sud 29605<\/span><\/span><\/span><\/span><\/p>\n<p><strong><span><span><span><span>\ud83d\udcb0 Co\u00fbt :<\/span><\/span><\/span><\/span><\/strong><span><span><span><span> <\/span><\/span><\/span><\/span><strong><span><span><span><span>Les clients r\u00e8glent eux-m\u00eames leur repas au restaurant.<\/span><\/span><\/span><\/span><\/strong><\/p>\n<p><em><span><span><span><span>D\u00e9jeuner au Jasmine Kitchen, 503 Augusta St, Greenville, SC 29605. Retrouvez le Groupe international des femmes au Jasmine Kitchen pour d\u00e9jeuner entre amies\u2026<\/span><\/span><\/span><\/span><\/em><\/p>\n<p><a href=\"https:\/\/upstateinternational.org\/fr\/ui-events\/lunch-at-jasmine-kitchen-with-the-uiwg\/\"><strong><span><span><span><span>\ud83d\udcd6 En savoir plus<\/span><\/span><\/span><\/span><\/strong><\/a><\/p>\n<h3><strong><span><span><span><span>Mois international du nord de l&#039;\u00c9tat\u00a0: sonnez les cloches<\/span><\/span><\/span><\/span><\/strong><\/h3>\n<p><strong><span><span><span><span>\ud83d\udcc5 Date :<\/span><\/span><\/span><\/span><\/strong><span><span><span><span> Dimanche 1er mars 2026<\/span><\/span><\/span><\/span><\/p>\n<p><strong><span><span><span><span>\ud83d\udd50 Heure :<\/span><\/span><\/span><\/span><\/strong><span><span><span><span> 00h00 \u2013 00h00<\/span><\/span><\/span><\/span><\/p>\n<p><strong><span><span><span><span>\ud83d\udccd Lieu :<\/span><\/span><\/span><\/span><\/strong><span><span><span><span> Salle Tillman, Carillon de Clemson, Universit\u00e9 de Clemson<\/span><\/span><\/span><\/span><\/p>\n<p><span><span><span><span>\ud83d\udccd Clemson, SC 29634<\/span><\/span><\/span><\/span><\/p>\n<p><strong><span><span><span><span>\ud83d\udcb0 Co\u00fbt :<\/span><\/span><\/span><\/span><\/strong><span><span><span><span> <\/span><\/span><\/span><\/span><strong><span><span><span><span>GRATUIT<\/span><\/span><\/span><\/span><\/strong><\/p>\n<p><em><span><span><span><span>Chaque ann\u00e9e, le Mois international d&#039;Upstate commence \u00e0 midi le 1er mars, qui sera un dimanche en 2026. Upstate International invite les carillonneurs de toute notre r\u00e9gion\u2026<\/span><\/span><\/span><\/span><\/em><\/p>\n<p><a href=\"https:\/\/upstateinternational.org\/fr\/ui-events\/upstate-international-month-ring-the-bells-3\/\"><strong><span><span><span><span>\ud83d\udcd6 En savoir plus<\/span><\/span><\/span><\/span><\/strong><\/a><\/p>\n<p><a href=\"https:\/\/upstateinternational.org\/fr\/donate\/\" target=\"_blank\" rel=\"noreferrer\"> Pont entre les mondes<\/a><a href=\"https:\/\/upstateinternational.org\/fr\/volunteer\/\" target=\"_blank\" rel=\"noreferrer\"> Impliquez-vous<\/a><a href=\"https:\/\/upstateinternational.org\/fr\/membership\/\" target=\"_blank\" rel=\"noreferrer\"> Devenez membre<\/a><\/p>\n<h2><span><span>Partagez vos \u00e9v\u00e9nements internationaux dans notre newsletter<\/span><\/span><\/h2>\n<p><a href=\"https:\/\/upstateinternational.org\/fr\/submit-event\/\" target=\"_blank\" rel=\"noreferrer\">Cliquez ici pour partager vos \u00e9v\u00e9nements avec nous !<\/a><img decoding=\"async\" width=\"24\" height=\"24\" alt=\"Website icon\" src=\"https:\/\/cdn-images.mailchimp.com\/icons\/social-block-v3\/block-icons-v3\/website-icon-light-40.png\"><img decoding=\"async\" width=\"24\" height=\"24\" alt=\"Instagram icon\" src=\"https:\/\/cdn-images.mailchimp.com\/icons\/social-block-v3\/block-icons-v3\/instagram-icon-light-40.png\"><img decoding=\"async\" width=\"24\" height=\"24\" alt=\"Facebook icon\" src=\"https:\/\/cdn-images.mailchimp.com\/icons\/social-block-v3\/block-icons-v3\/facebook-icon-light-40.png\"><img loading=\"lazy\" decoding=\"async\" width=\"24\" height=\"24\" alt=\"LinkedIn icon\" src=\"https:\/\/cdn-images.mailchimp.com\/icons\/social-block-v3\/block-icons-v3\/linkedin-icon-light-40.png\"><\/p>\n<div class=\"campaign-row campaign-cols-2\">\n<div class=\"campaign-col campaign-col-1\"><img decoding=\"async\" alt=\"\" src=\"https:\/\/mcusercontent.com\/ca8774e385db7c0da01940226\/images\/267863b1-d9df-2589-af6d-af6a08e918ca.png\" width=\"233.75\" height=\"auto\"><\/div>\n<div class=\"campaign-col campaign-col-2\">\n<p><strong>Restez connect\u00e9s !<\/strong><\/p>\n<p><span>Suivez-nous sur les r\u00e9seaux sociaux pour rester au courant de nos derni\u00e8res actualit\u00e9s et mises \u00e0 jour.<\/span><\/p>\n<\/div>\n<\/div>\n<\/div>","protected":false},"excerpt":{"rendered":"","protected":false},"author":1,"featured_media":93665,"comment_status":"","ping_status":"closed","sticky":false,"template":"","format":"standard","meta":{"_acf_changed":false,"_mo_disable_npp":"","wds_primary_category":0,"footnotes":""},"categories":[41],"tags":[],"class_list":["post-93664","post","type-post","status-publish","format-standard","has-post-thumbnail","hentry","category-news"],"acf":[],"_links":{"self":[{"href":"https:\/\/upstateinternational.org\/fr\/wp-json\/wp\/v2\/posts\/93664","targetHints":{"allow":["GET"]}}],"collection":[{"href":"https:\/\/upstateinternational.org\/fr\/wp-json\/wp\/v2\/posts"}],"about":[{"href":"https:\/\/upstateinternational.org\/fr\/wp-json\/wp\/v2\/types\/post"}],"author":[{"embeddable":true,"href":"https:\/\/upstateinternational.org\/fr\/wp-json\/wp\/v2\/users\/1"}],"replies":[{"embeddable":true,"href":"https:\/\/upstateinternational.org\/fr\/wp-json\/wp\/v2\/comments?post=93664"}],"version-history":[{"count":0,"href":"https:\/\/upstateinternational.org\/fr\/wp-json\/wp\/v2\/posts\/93664\/revisions"}],"wp:featuredmedia":[{"embeddable":true,"href":"https:\/\/upstateinternational.org\/fr\/wp-json\/wp\/v2\/media\/93665"}],"wp:attachment":[{"href":"https:\/\/upstateinternational.org\/fr\/wp-json\/wp\/v2\/media?parent=93664"}],"wp:term":[{"taxonomy":"category","embeddable":true,"href":"https:\/\/upstateinternational.org\/fr\/wp-json\/wp\/v2\/categories?post=93664"},{"taxonomy":"post_tag","embeddable":true,"href":"https:\/\/upstateinternational.org\/fr\/wp-json\/wp\/v2\/tags?post=93664"}],"curies":[{"name":"wp","href":"https:\/\/api.w.org\/{rel}","templated":true}]}}