{"id":88652,"date":"2024-02-09T12:43:06","date_gmt":"2024-02-09T17:43:06","guid":{"rendered":"https:\/\/ui-hybrid.local\/private-military-corporations-and-their-role-in-conflict-and-peacekeeping\/"},"modified":"2024-02-09T12:43:06","modified_gmt":"2024-02-09T17:43:06","slug":"private-military-corporations-and-their-role-in-conflict-and-peacekeeping","status":"publish","type":"post","link":"https:\/\/upstateinternational.org\/pt\/private-military-corporations-and-their-role-in-conflict-and-peacekeeping\/","title":{"rendered":"Empresas Militares Privadas e seu Papel em Conflitos e Manuten\u00e7\u00e3o da Paz"},"content":{"rendered":"<p class=\"has-text-align-center\"><strong><em>Um evento que vai al\u00e9m das manchetes<\/em><\/strong><\/p>\n\n\n\n<p>[Greenville, SC] \u2013 23 de janeiro de 2024 \u2013 A Upstate International tem o prazer de anunciar que o Dr. Edward L. Mienie, renomado acad\u00eamico e autor nas \u00e1reas de rela\u00e7\u00f5es internacionais e intelig\u00eancia nacional, ser\u00e1 o palestrante convidado do pr\u00f3ximo evento. <em>Palestrante Al\u00e9m das Manchetes<\/em> <em>S\u00e9rie<\/em> evento em 14 de fevereiro<sup>o<\/sup>, Em 2024, no Kroc Center, no centro de Greenville, ser\u00e1 realizado um evento sobre o tema. Nos \u00faltimos anos, as Empresas Militares Privadas (EMPs) t\u00eam desempenhado um papel cada vez mais importante em conflitos militares no cen\u00e1rio internacional, embora ainda possam ser um recurso subutilizado para lidar com quest\u00f5es de seguran\u00e7a. Como as EMPs chegaram a esse papel? Como s\u00e3o financiadas? Que poder det\u00eam? Como se relacionam com os governos? Este evento busca desenvolver uma compreens\u00e3o das EMPs para reconhecer como os Estados devem ou n\u00e3o utiliz\u00e1-las para melhorar a seguran\u00e7a, a governan\u00e7a e a qualidade de vida.<\/p>\n\n\n\n<p>O Dr. Edward L. Mienie \u00e9 o Diretor Executivo e Professor de Estudos Estrat\u00e9gicos e de Seguran\u00e7a no Departamento de Ci\u00eancia Pol\u00edtica e Rela\u00e7\u00f5es Internacionais da Universidade do Norte da Ge\u00f3rgia. Ele possui mais de 25 anos de experi\u00eancia em rela\u00e7\u00f5es internacionais, incluindo passagens pelo Corpo Diplom\u00e1tico da \u00c1frica do Sul e pelas For\u00e7as de Defesa da \u00c1frica do Sul. \u00c9 autor e coautor de diversos livros e artigos sobre intelig\u00eancia e fragilidade estatal. Entre os livros para os quais contribuiu est\u00e1 &quot;A Influ\u00eancia das Empresas Privadas de Seguran\u00e7a Militar na Seguran\u00e7a Internacional e na Pol\u00edtica Externa&quot;.\u201c<\/p>\n\n\n\n<p class=\"has-text-align-center\">Mais sobre <em>Al\u00e9m das manchetes<\/em><\/p>\n\n\n\n<p><em>Al\u00e9m das manchetes: quest\u00f5es cr\u00edticas que impactam nosso mundo.<\/em>\u00a0\u00e9 uma s\u00e9rie de palestras no formato &quot;Almo\u00e7o e Aprendizado&quot; criada para levar informa\u00e7\u00f5es baseadas em fatos sobre os temas globais mais urgentes da atualidade aos moradores da regi\u00e3o norte do estado de Nova York. Utilizando acad\u00eamicos e l\u00edderes de pensamento de institui\u00e7\u00f5es de pesquisa, buscamos manter a imparcialidade fora das apresenta\u00e7\u00f5es e permitir que as pessoas fa\u00e7am suas pr\u00f3prias perguntas e formulem suas pr\u00f3prias opini\u00f5es. Para mais informa\u00e7\u00f5es e para se inscrever no evento, <a href=\"https:\/\/events.r20.constantcontact.com\/register\/event?oeidk=a07ek7f8r1m58605f1b&#038;llr=4w9vvofab\">Clique aqui<\/a>.<\/p>\n\n\n\n<p class=\"has-text-align-center\">###<\/p>\n\n\n\n<p>Sobre a Upstate International e seu Conselho de Assuntos Mundiais: Upstate:<\/p>\n\n\n\n<p>Fundada em 1998, a Upstate International \u00e9 uma organiza\u00e7\u00e3o sem fins lucrativos (501(c)(3)) que capacita pessoas e empresas de todas as nacionalidades a prosperarem na regi\u00e3o de Upstate, conectando-as por meio de programas, eventos e iniciativas que promovem o interc\u00e2mbio din\u00e2mico de culturas e ideias internacionais. O Conselho de Assuntos Mundiais de Upstate, um programa da Upstate International, dedica-se a fomentar uma compreens\u00e3o profunda dos assuntos e culturas globais.\u00a0<\/p>\n\n\n\n<p>CONTATO PARA A IMPRENSA: Tracie Frese, Diretora Executiva, tracie@upstateinternational.org, 864-631-2188\u00a0<\/p>\n\n\n\n<p>Siga-nos:\u00a0 \u00a0 <a href=\"https:\/\/www.facebook.com\/UpstateIntSC\/\">Facebook<\/a> | <a href=\"https:\/\/www.linkedin.com\/in\/upstateintsc\/\">LinkedIn<\/a> | <a href=\"https:\/\/www.instagram.com\/upstateint_sc\/\">Instagram<\/a> | <a href=\"https:\/\/twitter.com\/upstateint_sc\">Twitter<\/a><\/p>","protected":false},"excerpt":{"rendered":"","protected":false},"author":1,"featured_media":69533,"comment_status":"closed","ping_status":"closed","sticky":false,"template":"","format":"standard","meta":{"_acf_changed":false,"_mo_disable_npp":"","wds_primary_category":0,"footnotes":""},"categories":[41],"tags":[],"class_list":["post-88652","post","type-post","status-publish","format-standard","has-post-thumbnail","hentry","category-news"],"acf":[],"_links":{"self":[{"href":"https:\/\/upstateinternational.org\/pt\/wp-json\/wp\/v2\/posts\/88652","targetHints":{"allow":["GET"]}}],"collection":[{"href":"https:\/\/upstateinternational.org\/pt\/wp-json\/wp\/v2\/posts"}],"about":[{"href":"https:\/\/upstateinternational.org\/pt\/wp-json\/wp\/v2\/types\/post"}],"author":[{"embeddable":true,"href":"https:\/\/upstateinternational.org\/pt\/wp-json\/wp\/v2\/users\/1"}],"replies":[{"embeddable":true,"href":"https:\/\/upstateinternational.org\/pt\/wp-json\/wp\/v2\/comments?post=88652"}],"version-history":[{"count":0,"href":"https:\/\/upstateinternational.org\/pt\/wp-json\/wp\/v2\/posts\/88652\/revisions"}],"wp:featuredmedia":[{"embeddable":true,"href":"https:\/\/upstateinternational.org\/pt\/wp-json\/wp\/v2\/media\/69533"}],"wp:attachment":[{"href":"https:\/\/upstateinternational.org\/pt\/wp-json\/wp\/v2\/media?parent=88652"}],"wp:term":[{"taxonomy":"category","embeddable":true,"href":"https:\/\/upstateinternational.org\/pt\/wp-json\/wp\/v2\/categories?post=88652"},{"taxonomy":"post_tag","embeddable":true,"href":"https:\/\/upstateinternational.org\/pt\/wp-json\/wp\/v2\/tags?post=88652"}],"curies":[{"name":"wp","href":"https:\/\/api.w.org\/{rel}","templated":true}]}}