{"id":88658,"date":"2024-02-09T14:07:11","date_gmt":"2024-02-09T19:07:11","guid":{"rendered":"https:\/\/ui-hybrid.local\/the-israeli-palestinian-conflict-some-fundamentals\/"},"modified":"2024-02-09T14:07:11","modified_gmt":"2024-02-09T19:07:11","slug":"the-israeli-palestinian-conflict-some-fundamentals","status":"publish","type":"post","link":"https:\/\/upstateinternational.org\/pt\/the-israeli-palestinian-conflict-some-fundamentals\/","title":{"rendered":"O Conflito Israelo-Palestino: Alguns Fundamentos"},"content":{"rendered":"<p class=\"has-text-align-center\"><strong><em>Um evento que vai al\u00e9m das manchetes<\/em><\/strong><\/p>\n\n\n\n<p>[Greenville, SC] \u2013 27 de novembro de 2023 \u2013 A Upstate International tem o prazer de anunciar que o Dr. Akan Malici, renomado acad\u00eamico e autor com vasta experi\u00eancia em assuntos internacionais, ser\u00e1 o palestrante convidado do pr\u00f3ximo evento. <em>Palestrante Al\u00e9m das Manchetes<\/em> <em>S\u00e9rie<\/em> evento em 6 de dezembro<sup>o<\/sup> No Centro Kroc, no centro de Greenville. Um dos conflitos mais longos e cont\u00ednuos do mundo, o conflito israelo-palestino, est\u00e1 agora, mais do que nunca, no centro das aten\u00e7\u00f5es das not\u00edcias internacionais devido \u00e0 recente viol\u00eancia incitada pelo Hamas. Quando e por que o conflito israelo-palestino come\u00e7ou? Quais s\u00e3o exatamente as reivindica\u00e7\u00f5es dos lados em disputa? Por que a paz parece inating\u00edvel? Qual \u00e9 um prov\u00e1vel resultado a longo prazo? Qual \u00e9 o papel da comunidade internacional e dos EUA em particular? Este evento busca fornecer informa\u00e7\u00f5es sobre essas quest\u00f5es.<\/p>\n\n\n\n<p>O Dr. Akan Malici \u00e9 professor de Pol\u00edtica e Rela\u00e7\u00f5es Internacionais na Universidade Furman. Ele \u00e9 autor, coautor ou coeditor de v\u00e1rios livros e in\u00fameros artigos sobre conflitos internacionais e pol\u00edtica externa americana. Entre seus livros est\u00e3o \u201cPresidentes dos EUA e Erros de Pol\u00edtica Externa\u201d e \u201cTeoria dos Pap\u00e9is e Conflito de Pap\u00e9is nas Rela\u00e7\u00f5es EUA-Ir\u00e3\u201d. Atualmente, ele est\u00e1 concluindo um novo livro sobre o conflito israelo-palestino intitulado \u201cUm Guia do Cidad\u00e3o para o Conflito Israelo-Palestino\u201d.\u201d<\/p>\n\n\n\n<p class=\"has-text-align-center\">Mais sobre Al\u00e9m das Manchetes<\/p>\n\n\n\n<p><em>Al\u00e9m das manchetes: quest\u00f5es cr\u00edticas que impactam nosso mundo.<\/em>\u00a0\u00c9 uma s\u00e9rie de palestras no formato &quot;Almo\u00e7o e Aprendizado&quot; criada para levar informa\u00e7\u00f5es baseadas em fatos sobre os temas globais mais urgentes da atualidade aos moradores da regi\u00e3o norte do estado de Nova York. Utilizando acad\u00eamicos e l\u00edderes de pensamento de institui\u00e7\u00f5es de pesquisa, buscamos manter opini\u00f5es pol\u00edticas fora das apresenta\u00e7\u00f5es, permitindo que as pessoas fa\u00e7am suas pr\u00f3prias perguntas e formulem suas pr\u00f3prias opini\u00f5es. Esta s\u00e9rie \u00e9 oferecida pela Upstate International.<\/p>\n\n\n\n<p class=\"has-text-align-center\">Para obter mais informa\u00e7\u00f5es e se inscrever no evento, <a href=\"https:\/\/events.r20.constantcontact.com\/register\/event?oeidk=a07ek2ca3rq24b41605&#038;llr=4w9vvofab\">Clique aqui<\/a><\/p>\n\n\n\n<p class=\"has-text-align-center\">###\u00a0<\/p>\n\n\n\n<p class=\"has-text-align-center\">Sobre a Upstate International e seu Conselho de Assuntos Mundiais: Upstate:<\/p>\n\n\n\n<p>Fundada em 1998, a Upstate International \u00e9 uma organiza\u00e7\u00e3o sem fins lucrativos (501(c)(3)) que capacita pessoas e empresas de todas as nacionalidades a prosperarem na regi\u00e3o de Upstate, conectando-as por meio de programas, eventos e iniciativas que promovem o interc\u00e2mbio din\u00e2mico de culturas e ideias internacionais. O Conselho de Assuntos Mundiais de Upstate, um programa da Upstate International, dedica-se a fomentar uma compreens\u00e3o profunda dos assuntos e culturas globais. Como afiliada dos Conselhos de Assuntos Mundiais da Am\u00e9rica (World Affairs Councils of America), a Upstate International faz parte da maior organiza\u00e7\u00e3o de base dos Estados Unidos que inspira, educa e engaja americanos em assuntos internacionais e nas quest\u00f5es globais cr\u00edticas de nossa \u00e9poca.\u00a0\u00a0<\/p>\n\n\n\n<p>CONTATO PARA A IMPRENSA: Tracie Frese, Diretora Executiva, tracie@upstateinternational.org, 864-631-2188\u00a0<\/p>\n\n\n\n<p>Siga-nos:\u00a0 \u00a0 <a href=\"https:\/\/www.facebook.com\/UpstateIntSC\/\">Facebook<\/a> | <a href=\"https:\/\/www.linkedin.com\/in\/upstateintsc\/\">LinkedIn<\/a> | <a href=\"https:\/\/www.instagram.com\/upstateint_sc\/\">Instagram<\/a> | <a href=\"https:\/\/twitter.com\/upstateint_sc\">Twitter<\/a><\/p>","protected":false},"excerpt":{"rendered":"","protected":false},"author":1,"featured_media":88659,"comment_status":"closed","ping_status":"closed","sticky":false,"template":"","format":"standard","meta":{"_acf_changed":false,"_mo_disable_npp":"","wds_primary_category":0,"footnotes":""},"categories":[41],"tags":[],"class_list":["post-88658","post","type-post","status-publish","format-standard","has-post-thumbnail","hentry","category-news"],"acf":[],"_links":{"self":[{"href":"https:\/\/upstateinternational.org\/pt\/wp-json\/wp\/v2\/posts\/88658","targetHints":{"allow":["GET"]}}],"collection":[{"href":"https:\/\/upstateinternational.org\/pt\/wp-json\/wp\/v2\/posts"}],"about":[{"href":"https:\/\/upstateinternational.org\/pt\/wp-json\/wp\/v2\/types\/post"}],"author":[{"embeddable":true,"href":"https:\/\/upstateinternational.org\/pt\/wp-json\/wp\/v2\/users\/1"}],"replies":[{"embeddable":true,"href":"https:\/\/upstateinternational.org\/pt\/wp-json\/wp\/v2\/comments?post=88658"}],"version-history":[{"count":0,"href":"https:\/\/upstateinternational.org\/pt\/wp-json\/wp\/v2\/posts\/88658\/revisions"}],"wp:featuredmedia":[{"embeddable":true,"href":"https:\/\/upstateinternational.org\/pt\/wp-json\/wp\/v2\/media\/88659"}],"wp:attachment":[{"href":"https:\/\/upstateinternational.org\/pt\/wp-json\/wp\/v2\/media?parent=88658"}],"wp:term":[{"taxonomy":"category","embeddable":true,"href":"https:\/\/upstateinternational.org\/pt\/wp-json\/wp\/v2\/categories?post=88658"},{"taxonomy":"post_tag","embeddable":true,"href":"https:\/\/upstateinternational.org\/pt\/wp-json\/wp\/v2\/tags?post=88658"}],"curies":[{"name":"wp","href":"https:\/\/api.w.org\/{rel}","templated":true}]}}